{"id":2393,"date":"2026-03-12T18:32:46","date_gmt":"2026-03-12T18:32:46","guid":{"rendered":"https:\/\/zupazamet.hr\/?p=2393"},"modified":"2026-03-12T18:32:46","modified_gmt":"2026-03-12T18:32:46","slug":"21-isus-svjetlost-svijeta-upozorenje-nevjernim-zidovima-13-3-2026","status":"publish","type":"post","link":"https:\/\/zupazamet.hr\/?p=2393","title":{"rendered":"21 Isus \u2013 svjetlost svijeta \u2013 Upozorenje nevjernim \u017didovima 13.3.2026."},"content":{"rendered":"\n<p><strong>Pripravna molitva: molimo milost u Boga da sve moje nakane, \u010dini i djela budu upravljena \u010disto i potpuno na slu\u017ebu i proslavu njegova Bo\u017eanskog Veli\u010danstva.<\/strong><\/p>\n\n\n\n<p>Tekst za meditaciju: Ivan 8,12-29.<\/p>\n\n\n\n<p><strong>Predod\u017eba mjesta:<\/strong><\/p>\n\n\n\n<p><strong>Prva To\u010dka: <\/strong>\u201e<sup>12<\/sup> Isus im zatim ponovno progovori: \u00bbJa sam svjetlost svijeta; tko ide za mnom, ne\u0107e hoditi u tami, nego \u0107e imati svjetlost \u017eivota.\u00ab <sup>13<\/sup> Farizeji mu nato reko\u0161e: \u00bbTi svjedo\u010di\u0161 sam za sebe: svjedo\u010danstvo tvoje nije istinito!\u00ab <sup>14<\/sup> Odgovori im Isus: \u00bbAko ja i svjedo\u010dim sam za sebe, svjedo\u010danstvo je moje istinito jer znam odakle do\u0111oh i kamo idem. A vi ne znate ni odakle dolazim ni kamo idem. <sup>15<\/sup> Vi sudite po tijelu; ja ne sudim nikoga; <sup>16<\/sup> no ako i sudim, sud je moj istinit jer nisam sam, nego \u2013 ja i onaj koji me posla, Otac. <sup>17<\/sup> Ta i u va\u0161em zakonu pi\u0161e da je svjedo\u010danstvo dvojice istinito. <sup>18<\/sup> Ja svjedo\u010dim za sebe, a svjedo\u010di za mene i onaj koji me posla, Otac.\u00ab <strong>&#8211; Svjetlo, cilj, Istina! \u0160to je to \u0161to mi treba da vidim cilj? Znam li od kud ja dolazim? Znam li kamo ja idem? Odakle je do\u0161ao Isus? Kamo ide? Onaj koji zna odgovore na ova pitanja je dostojan na\u0161ega povjerenja, dostojan da ga slijedimo i da mu povjerimo svoje \u017eivote. Vjerujem li da Isus govori Istinu koja mo\u017ee promijeniti moj \u017eivot? \u0160to zna\u010di da je Isus svjetlost svijeta? Kako Bog Otac svjedo\u010di za svoga Sina?<\/strong><\/p>\n\n\n\n<p><strong>Druga to\u010dka: <\/strong>\u201e<sup>19<\/sup> Nato ga upitaju: \u00bbGdje je tvoj Otac?\u00ab Odgovori Isus: \u00bbNiti mene poznajete niti Oca mojega. Kad biste poznavali mene, i Oca biste moga poznavali.\u00ab <sup>20<\/sup> Te rije\u010di rekao je Isus u riznici dok je nau\u010davao u Hramu. I nitko ga ne uhvati jer jo\u0161 ne bija\u0161e do\u0161ao njegov \u010das. <sup>21<\/sup> Re\u010de im ponovno Isus: \u00bbJa odlazim, a vi \u0107ete me tra\u017eiti i u svojem \u0107ete grijehu umrijeti. Kamo ja odlazim, vi ne mo\u017eete do\u0107i.\u00ab <sup>22<\/sup> \u017didovi se nato stanu pitati: \u00bbDa se mo\u017eda ne kani ubiti kad govori: \u2018Kamo ja odlazim, vi ne mo\u017eete do\u0107i\u2019?\u00ab <sup>23<\/sup> A Isus nastavi: \u00bbVi ste odozdol, ja sam odozgor. Vi ste od ovoga svijeta, a ja nisam od ovoga svijeta. <sup>24<\/sup> Stoga vam i rekoh: \u2018Umrijet \u0107ete u grijesima svojim.\u2019 Uistinu, ako ne povjerujete da <em>Ja jesam, <\/em>umrijet \u0107ete u grijesima svojim.\u00ab <strong>&#8211; Poznavati nekoga, rekli smo zna\u010di imati odnos s njime. Isus ima intimni odnos sa svoji Ocem, kroz molitvu i kroz djela koja \u010dini. Ako ne prepoznajemo u Isusu, koga vidimo, Sina Bo\u017ejega, kako \u0107emo prepoznati Boga kojega ne vidimo, kao Oca. Isus odlazi k Bogu Ocu, i tamo mogu do\u0107i samo oni koji su sveti, \u0161to zna\u010di da nitko od nas ne mo\u017ee tamo do\u0107i. \u010covjeku je to ne mogu\u0107e posti\u0107i svojim vlastitim zalaganjem ma koliko dobar bio. Tko grije\u0161i protiv zakona nije pravedan, a nepravednici ne\u0107e boraviti na gori Gospodnjoj, nego oni koji su opravdani, i oni koje Gospodin opravda.<\/strong><\/p>\n\n\n\n<p><strong>Tre\u0107a to\u010dka:<\/strong> \u201e<sup>25<\/sup> Nato mu oni reko\u0161e: \u00bb<strong>A tko si ti?<\/strong>\u00ab Odvrati Isus: <sup>26<\/sup> \u00bbTa \u0161to da vam s po\u010detka opet zborim? Mnogo toga imam o vama zboriti i suditi; no onaj koji me posla istinit je, i \u0161to sam \u010duo od njega, to ja zborim svijetu.\u00ab <sup>27<\/sup> Ne shvati\u0161e da im govori o Ocu. <sup>28<\/sup> Isus im nato re\u010de: \u00bb<strong>Kad uzdignete Sina \u010covje\u010djega, tada \u0107ete upoznati da <em>Ja jesam<\/em><\/strong>i da s\u00e2m od sebe ne \u010dinim ni\u0161ta, nego da onako zborim kako me nau\u010dio Otac. <sup>29<\/sup> Onaj koji me posla sa mnom je i ne ostavi me s\u00e1ma jer ja uvijek \u010dinim \u0161to je njemu milo.\u00ab <strong>&#8211; Isus na pitanje \u201eA tko si ti?\u201c daje odgovor koji je Gospodi Bog dao Mojsiju, \u201ereci Izraelcima Ja sam koji Jesam\u201c, \u201eJa Jesam\u201c \u0161alje me k vama. Tim odgovorom Isus ne samo da govori da je On Sin Bo\u017eji, nego da je Bog. A mi ne poznajemo tko je Bog i ne razumijemo ga. Na\u0161e razumijevanje Boga je ograni\u010deno.<\/strong><\/p>\n\n\n\n<p><strong>Na kraju meditacije:<\/strong><\/p>\n\n\n\n<p><strong>Razgovor.<\/strong> Treba da mislim na Krista, na\u0161ega Gospodina, kao prisutna, raspeta na kri\u017eu, i da zapo\u010dnem razgovor s njime te ga pitam kako je on, mada je Stvoritelj, prihvatio to da se u\u010dini \u010dovjekom te je od vje\u010dnog \u017eivota dospio do vremenite smrti, da tako umre za moje grijehe. Isto tako, <strong>gledaju\u0107i sebe, treba da se pitam \u0161to sam u\u010dinio za Krista, \u0161to radim za Krista, \u0161to treba da odsada u\u010dinim za Krista<\/strong>. I vide\u0107i ga takva i tako razapeta na kri\u017eu, za\u0107i \u0107u u misli koje mi se prika\u017eu.<\/p>\n\n\n\n<p>Zavr\u0161iti sa molitvom \u201cO\u010de na\u0161\u201d!<\/p>\n\n\n\n<p>P.S. Zapi\u0161te sve \u0161to ste do\u017eivjeli u meditaciji!<\/p>\n","protected":false},"excerpt":{"rendered":"<p>Pripravna molitva: molimo milost u Boga da sve moje nakane, \u010dini i djela budu upravljena \u010disto i potpuno na slu\u017ebu i proslavu njegova Bo\u017eanskog Veli\u010danstva. Tekst za meditaciju: Ivan 8,12-29. Predod\u017eba mjesta: Prva To\u010dka: \u201e12 Isus im zatim ponovno progovori: &hellip;<\/p>\n<p class=\"read-more\"> <a class=\"more-link\" href=\"https:\/\/zupazamet.hr\/?p=2393\"> <span class=\"screen-reader-text\">21 Isus \u2013 svjetlost svijeta \u2013 Upozorenje nevjernim \u017didovima 13.3.2026.<\/span> Read More &raquo;<\/a><\/p>\n","protected":false},"author":181,"featured_media":1930,"comment_status":"closed","ping_status":"closed","sticky":false,"template":"","format":"standard","meta":{"footnotes":""},"categories":[80],"tags":[],"class_list":["post-2393","post","type-post","status-publish","format-standard","has-post-thumbnail","hentry","category-duhovne-vjezbe-2026"],"_links":{"self":[{"href":"https:\/\/zupazamet.hr\/index.php?rest_route=\/wp\/v2\/posts\/2393","targetHints":{"allow":["GET"]}}],"collection":[{"href":"https:\/\/zupazamet.hr\/index.php?rest_route=\/wp\/v2\/posts"}],"about":[{"href":"https:\/\/zupazamet.hr\/index.php?rest_route=\/wp\/v2\/types\/post"}],"author":[{"embeddable":true,"href":"https:\/\/zupazamet.hr\/index.php?rest_route=\/wp\/v2\/users\/181"}],"replies":[{"embeddable":true,"href":"https:\/\/zupazamet.hr\/index.php?rest_route=%2Fwp%2Fv2%2Fcomments&post=2393"}],"version-history":[{"count":1,"href":"https:\/\/zupazamet.hr\/index.php?rest_route=\/wp\/v2\/posts\/2393\/revisions"}],"predecessor-version":[{"id":2394,"href":"https:\/\/zupazamet.hr\/index.php?rest_route=\/wp\/v2\/posts\/2393\/revisions\/2394"}],"wp:featuredmedia":[{"embeddable":true,"href":"https:\/\/zupazamet.hr\/index.php?rest_route=\/wp\/v2\/media\/1930"}],"wp:attachment":[{"href":"https:\/\/zupazamet.hr\/index.php?rest_route=%2Fwp%2Fv2%2Fmedia&parent=2393"}],"wp:term":[{"taxonomy":"category","embeddable":true,"href":"https:\/\/zupazamet.hr\/index.php?rest_route=%2Fwp%2Fv2%2Fcategories&post=2393"},{"taxonomy":"post_tag","embeddable":true,"href":"https:\/\/zupazamet.hr\/index.php?rest_route=%2Fwp%2Fv2%2Ftags&post=2393"}],"curies":[{"name":"wp","href":"https:\/\/api.w.org\/{rel}","templated":true}]}}