{"id":2405,"date":"2026-03-16T20:10:16","date_gmt":"2026-03-16T20:10:16","guid":{"rendered":"https:\/\/zupazamet.hr\/?p=2405"},"modified":"2026-03-16T20:10:16","modified_gmt":"2026-03-16T20:10:16","slug":"24-isus-dobri-pastir-17-3-2026","status":"publish","type":"post","link":"https:\/\/zupazamet.hr\/?p=2405","title":{"rendered":"24 Isus \u2013 Dobri pastir 17.3.2026."},"content":{"rendered":"\n<p><strong>Pripravna molitva: molimo milost u Boga da sve moje nakane, \u010dini i djela budu upravljena \u010disto i potpuno na slu\u017ebu i proslavu njegova Bo\u017eanskog Veli\u010danstva.<\/strong><\/p>\n\n\n\n<p>Tekst za meditaciju: Ivan 10,1-21.<\/p>\n\n\n\n<p><strong>Predod\u017eba mjesta:<\/strong><\/p>\n\n\n\n<p><strong>Prva To\u010dka: <\/strong>\u201e<sup>1<\/sup> \u00bbZaista, zaista, ka\u017eem vam: tko god u ov\u010dinjak ne ulazi na vrata, nego negdje drugdje preska\u010de, kradljivac je i razbojnik. <sup>2<\/sup> A tko na vrata ulazi, pastir je ovaca. <sup>3<\/sup> Tome vratar otvara i ovce slu\u0161aju njegov glas. On ovce svoje zove imenom pa ih izvodi. <sup>4<\/sup> A kad sve svoje izvede, pred njima ide i ovce idu za njim jer poznaju njegov glas. <sup>5<\/sup> Za tu\u0111incem, dakako, ne idu, ve\u0107 bje\u017ee od njega jer tu\u0111in\u010deva glasa ne poznaju.\u00ab <strong>&#8211; Isus upotrebljava slike koje su poznate ljudima onoga vremena. Jednom sam bio na jednom kampu kraj Papuka u Slavoniji, \u010dovjek koji je dao da se na njegovoj zemlji napravi kamp za mlade imao je stado ovaca. Prvi put sam vidio ono o \u010demu Isus govori, \u010dovjek je svaku ovcu nazvao njezinim imenom, i kako ih je zvao one su se redom odazivale na njegov glas. Bilo mi je tako \u010dudnovato vidjeti taj prizor, ali i lak\u0161e shvatiti ovu Isusovu prispodobu. Slu\u0161ati Bo\u017eji glas u mome \u017eivotu je lako, uvijek prepoznajem Njegov glas u svemu \u0161to je dobro, lijepo, plemenito, nesebi\u010dno.<\/strong><\/p>\n\n\n\n<p><strong>Druga to\u010dka: <\/strong>\u201e<sup>6<\/sup> Isus im kaza tu poredbu, ali oni ne razumje\u0161e \u0161to im htjede time kazati. <sup>7<\/sup> Stoga im Isus ponovno re\u010de: \u00bbZaista, zaista, ka\u017eem vam: <strong>ja sam vrata ovcama<\/strong>. <sup>8<\/sup> Svi koji do\u0111o\u0161e prije mene, kradljivci su i razbojnici; ali ih ovce ne poslu\u0161a\u0161e. <sup>9<\/sup> <strong>Ja sam vrata. Kroza me tko u\u0111e, spasit \u0107e se: i ulazit \u0107e i izlaziti i pa\u0161u nalaziti. <\/strong><sup>10<\/sup> Kradljivac dolazi samo da ukrade, zakolje i pogubi. Ja do\u0111oh da \u017eivot imaju, u izobilju da ga imaju.\u00ab <sup>11<\/sup> \u00bb<strong>Ja sam pastir dobri. Pastir dobri \u017eivot svoj pola\u017ee za ovce.<\/strong> <sup>12<\/sup> Najamnik \u2013 koji nije pastir i nije vlasnik ovaca \u2013 kad vidi vuka gdje dolazi, ostavlja ovce i bje\u017ei, a vuk ih grabi i razgoni: <sup>13<\/sup> najamnik je i nije mu do ovaca.\u201c <strong>\u2013 Ovu re\u010denicu je objasnio jedan \u010dovjek koji je ima iskustvo poslije smrti. Ian McCormack (<\/strong><a href=\"https:\/\/www.youtube.com\/watch?v=WteaqYhiWH4\">https:\/\/www.youtube.com\/watch?v=WteaqYhiWH4<\/a> 56:20)<strong> vidio je Isusa kako stoji na vratima raja, i da bi u\u0161ao u raj ka\u017ee da je morao pro\u0107i kroz Njega. To njegovo svjedo\u010danstvo me je odmah podsjetilo na rije\u010di iz Ivanova evan\u0111elja o Dobrom pastiru. U\u010di kroz Isusa zna\u010di u\u010di kroz njegovu smrt. Isus ka\u017ee da on pola\u017ee \u017eivot svoj za ovce. Njegova smrt zna\u010di na\u0161 \u017eivot. Jedini i pravi \u017eivot nam dolazi po nasljedovanu Isusa i njegovih rije\u010di koje nam je ostavio. Prepoznajem li glas na\u0161eg Gospodina Isusa Krista koji me poziva da ga slijedim svojim \u017eivotom? Idem li za njim ili slijedim neke druge glasove koji me odvode od Isusa?<\/strong><\/p>\n\n\n\n<p><strong>Tre\u0107a to\u010dka:<\/strong> \u201e<sup>14<\/sup> Ja sam pastir dobri i poznajem svoje i mene poznaju moje, <sup>15<\/sup> kao \u0161to mene poznaje Otac i ja poznajem Oca i \u017eivot svoj pola\u017eem za ovce. <sup>16<\/sup> Imam i drugih ovaca, koje nisu iz ovog ov\u010dinjaka. I njih treba da dovedem i glas \u0107e moj \u010duti i bit \u0107e jedno stado, jedan pastir. <sup>17<\/sup> Zbog toga me i ljubi Otac \u0161to pola\u017eem \u017eivot svoj da ga opet uzmem. <sup>18<\/sup> Nitko mi ga ne oduzima, nego ja ga sam od sebe pola\u017eem. Vlast imam polo\u017eiti ga, vlast imam opet uzeti ga. Tu zapovijed primih od Oca svoga.\u00ab <sup>19<\/sup> Me\u0111u \u017didovima ponovno nasta podvojenost zbog tih rije\u010di. <sup>20<\/sup> Mnogi su od njih govorili: \u00bbZloduha ima pa mahnita! \u0160to ga slu\u0161ate?\u00ab <sup>21<\/sup> Drugi su govorili: \u00bbNisu to rije\u010di opsjednuta. Zar zloduh mo\u017ee slijepima o\u010di otvoriti?\u00ab <strong>&#8211; Isus ovdje govori i o drugim ovcama koje \u017eive u drugim vjerama ili me\u0111u nevjernicima, ali u svome srcu slu\u0161aju Njegov glas i \u017eive po Bo\u017ejim zapovijedima, ni ne znaju\u0107i. Ali kada se pojavi Isus po drugi put tada \u0107emo biti jedno stado. Isus nagovje\u0161\u0107uje svoju smrt, ali nagovje\u0161\u0107uje i to da On dragovoljno pola\u017ee svoj \u017eivot, ovaj svijet ili bilo tko drugi nema nikakve vlasti nad Isusom. Isus daje svoj \u017eivot za nas, i opet prima \u017eivot zbog \u017ertve koju \u010dini iz ljubavi prema svome Ocu. I opet nastaje podvojenost me\u0111u ljudima, jer ne razumiju Isusov rije\u010di koje im govori.<\/strong><\/p>\n\n\n\n<p><strong>Na kraju meditacije:<\/strong><\/p>\n\n\n\n<p><strong>Razgovor.<\/strong> Treba da mislim na Krista, na\u0161ega Gospodina, kao prisutna, raspeta na kri\u017eu, i da zapo\u010dnem razgovor s njime te ga pitam kako je on, mada je Stvoritelj, prihvatio to da se u\u010dini \u010dovjekom te je od vje\u010dnog \u017eivota dospio do vremenite smrti, da tako umre za moje grijehe. Isto tako, <strong>gledaju\u0107i sebe, treba da se pitam \u0161to sam u\u010dinio za Krista, \u0161to radim za Krista, \u0161to treba da odsada u\u010dinim za Krista<\/strong>. I vide\u0107i ga takva i tako razapeta na kri\u017eu, za\u0107i \u0107u u misli koje mi se prika\u017eu.<\/p>\n\n\n\n<p>Zavr\u0161iti sa molitvom \u201cO\u010de na\u0161\u201d!<\/p>\n\n\n\n<p>P.S. Zapi\u0161te sve \u0161to ste do\u017eivjeli u meditaciji!<\/p>\n","protected":false},"excerpt":{"rendered":"<p>Pripravna molitva: molimo milost u Boga da sve moje nakane, \u010dini i djela budu upravljena \u010disto i potpuno na slu\u017ebu i proslavu njegova Bo\u017eanskog Veli\u010danstva. Tekst za meditaciju: Ivan 10,1-21. Predod\u017eba mjesta: Prva To\u010dka: \u201e1 \u00bbZaista, zaista, ka\u017eem vam: tko &hellip;<\/p>\n<p class=\"read-more\"> <a class=\"more-link\" href=\"https:\/\/zupazamet.hr\/?p=2405\"> <span class=\"screen-reader-text\">24 Isus \u2013 Dobri pastir 17.3.2026.<\/span> Read More &raquo;<\/a><\/p>\n","protected":false},"author":181,"featured_media":1958,"comment_status":"closed","ping_status":"closed","sticky":false,"template":"","format":"standard","meta":{"footnotes":""},"categories":[80],"tags":[],"class_list":["post-2405","post","type-post","status-publish","format-standard","has-post-thumbnail","hentry","category-duhovne-vjezbe-2026"],"_links":{"self":[{"href":"https:\/\/zupazamet.hr\/index.php?rest_route=\/wp\/v2\/posts\/2405","targetHints":{"allow":["GET"]}}],"collection":[{"href":"https:\/\/zupazamet.hr\/index.php?rest_route=\/wp\/v2\/posts"}],"about":[{"href":"https:\/\/zupazamet.hr\/index.php?rest_route=\/wp\/v2\/types\/post"}],"author":[{"embeddable":true,"href":"https:\/\/zupazamet.hr\/index.php?rest_route=\/wp\/v2\/users\/181"}],"replies":[{"embeddable":true,"href":"https:\/\/zupazamet.hr\/index.php?rest_route=%2Fwp%2Fv2%2Fcomments&post=2405"}],"version-history":[{"count":1,"href":"https:\/\/zupazamet.hr\/index.php?rest_route=\/wp\/v2\/posts\/2405\/revisions"}],"predecessor-version":[{"id":2406,"href":"https:\/\/zupazamet.hr\/index.php?rest_route=\/wp\/v2\/posts\/2405\/revisions\/2406"}],"wp:featuredmedia":[{"embeddable":true,"href":"https:\/\/zupazamet.hr\/index.php?rest_route=\/wp\/v2\/media\/1958"}],"wp:attachment":[{"href":"https:\/\/zupazamet.hr\/index.php?rest_route=%2Fwp%2Fv2%2Fmedia&parent=2405"}],"wp:term":[{"taxonomy":"category","embeddable":true,"href":"https:\/\/zupazamet.hr\/index.php?rest_route=%2Fwp%2Fv2%2Fcategories&post=2405"},{"taxonomy":"post_tag","embeddable":true,"href":"https:\/\/zupazamet.hr\/index.php?rest_route=%2Fwp%2Fv2%2Ftags&post=2405"}],"curies":[{"name":"wp","href":"https:\/\/api.w.org\/{rel}","templated":true}]}}